{"id":958,"date":"2013-04-22T12:52:08","date_gmt":"2013-04-22T10:52:08","guid":{"rendered":"https:\/\/slovenci.rs\/?p=958"},"modified":"2013-04-22T14:37:48","modified_gmt":"2013-04-22T12:37:48","slug":"izmena-vremena-pocetka-koncerta-strune-milo-se-glasite","status":"publish","type":"post","link":"https:\/\/slovenci.rs\/sl\/izmena-vremena-pocetka-koncerta-strune-milo-se-glasite\/","title":{"rendered":"Izmena vremena pocetka koncerta &#8222;Strune, milo se glasite&#8220;"},"content":{"rendered":"<p><span style=\"font-family: 'Times New Roman';\"><span style=\"color: #002060;\">Iz organizacionih razloga prinu\u0111eni smo da\u00a0<strong>po\u010detak koncerta\u00a0<\/strong><strong>\u201eStrune, milo se glasite<\/strong>\u201c pomerimo sa 20 na\u00a0<strong>19 \u010dasova.<\/strong><\/span><\/span><\/p>\n<p>&nbsp;<\/p>\n<p><span style=\"color: #002060; font-family: 'Times New Roman';\">Sa \u017eeljom i nadom da \u0107ete uspeti da uskladite Va\u0161e obaveze i pridru\u017eite nam se na koncertu,<\/span><\/p>\n<p><span style=\"color: #002060; font-family: 'Times New Roman';\">srda\u010dno Vas\u00a0 pozdravljamo<\/span><\/p>\n<p>&nbsp;<\/p>\n<p align=\"center\"><span style=\"color: #3c613e; font-family: 'Book Antiqua'; font-size: medium;\">Veleposlani\u0161tvo Republike Slovenije in Nacionalni svet slovenske narodne manj\u0161ine v sodelovanju z mestom Kragujevac,<\/span><br \/>\n<span style=\"color: #3c613e; font-family: 'Book Antiqua'; font-size: medium;\">Dru\u0161tvom Kragujev\u010danov v Beogradu in Glasbenim centrom Kragujevac,\u00a0<\/span><br \/>\n<span style=\"color: #3c613e; font-family: 'Book Antiqua'; font-size: medium;\">vas vljudno vabijo na koncert zborovske glasbe\u00a0<\/span><br \/>\n<span style=\"color: #3c613e; font-family: 'Book Antiqua'; font-size: medium;\">slovenskih skladateljev, ki so ustvarjali in ustvarjajo v Srbiji<\/span><br \/>\n<span style=\"color: #3c613e; font-family: 'Book Antiqua'; font-size: medium;\"><strong>Strune, milo se glasite<\/strong><\/span><\/p>\n<p align=\"center\"><span style=\"color: #3c613e; font-family: 'Book Antiqua'; font-size: medium;\">v Domu vojske v Beogradu, v \u010detrtek, 25. aprila 2013 ob\u00a0<span style=\"text-decoration: line-through;\">20. uri<\/span>\u00a0<\/span><span style=\"color: red; font-family: 'Book Antiqua'; font-size: medium;\"><strong>19. uri.<\/strong><\/span><\/p>\n<p align=\"center\"><span style=\"color: #3c613e; font-family: 'Book Antiqua'; font-size: medium;\">V programu sodelujejo:<\/span><\/p>\n<p align=\"center\"><span style=\"color: #3c613e; font-family: 'Book Antiqua'; font-size: medium;\"><strong>Mestni komorni zbor Liceum, dirigent Miloje Nikoli\u0107<\/strong><\/span><\/p>\n<p align=\"center\"><span style=\"color: #3c613e; font-family: 'Book Antiqua'; font-size: medium;\"><strong>Komorni ansambel \u0160kancin<\/strong><\/span><\/p>\n<p align=\"center\">\n<span style=\"color: #3c613e; font-family: 'Book Antiqua'; font-size: medium;\">Na programu so dela J. P. Gallusa, Davorina Jenka,\u00a0\u00a0<\/span><br \/>\n<span style=\"color: #3c613e; font-family: 'Book Antiqua'; font-size: medium;\">Mihovila Logarja, Zlatana Vaude in Anice Sabo<\/span><\/p>","protected":false},"excerpt":{"rendered":"<p>Iz organizacionih razloga prinu\u0111eni smo da\u00a0po\u010detak koncerta\u00a0\u201eStrune, milo se glasite\u201c pomerimo sa 20 na\u00a019 \u010dasova. &nbsp; Sa \u017eeljom i nadom da \u0107ete uspeti da uskladite Va\u0161e obaveze i pridru\u017eite nam se na koncertu, srda\u010dno Vas\u00a0 pozdravljamo &nbsp; Veleposlani\u0161tvo Republike Slovenije in Nacionalni svet slovenske narodne manj\u0161ine v sodelovanju z mestom Kragujevac, Dru\u0161tvom Kragujev\u010danov v Beogradu [&hellip;]<\/p>\n","protected":false},"author":1,"featured_media":0,"comment_status":"closed","ping_status":"closed","sticky":false,"template":"","format":"standard","meta":{"footnotes":""},"categories":[1],"tags":[],"class_list":["post-958","post","type-post","status-publish","format-standard","hentry","category-uncategorized"],"_links":{"self":[{"href":"https:\/\/slovenci.rs\/sl\/wp-json\/wp\/v2\/posts\/958","targetHints":{"allow":["GET"]}}],"collection":[{"href":"https:\/\/slovenci.rs\/sl\/wp-json\/wp\/v2\/posts"}],"about":[{"href":"https:\/\/slovenci.rs\/sl\/wp-json\/wp\/v2\/types\/post"}],"author":[{"embeddable":true,"href":"https:\/\/slovenci.rs\/sl\/wp-json\/wp\/v2\/users\/1"}],"replies":[{"embeddable":true,"href":"https:\/\/slovenci.rs\/sl\/wp-json\/wp\/v2\/comments?post=958"}],"version-history":[{"count":2,"href":"https:\/\/slovenci.rs\/sl\/wp-json\/wp\/v2\/posts\/958\/revisions"}],"predecessor-version":[{"id":960,"href":"https:\/\/slovenci.rs\/sl\/wp-json\/wp\/v2\/posts\/958\/revisions\/960"}],"wp:attachment":[{"href":"https:\/\/slovenci.rs\/sl\/wp-json\/wp\/v2\/media?parent=958"}],"wp:term":[{"taxonomy":"category","embeddable":true,"href":"https:\/\/slovenci.rs\/sl\/wp-json\/wp\/v2\/categories?post=958"},{"taxonomy":"post_tag","embeddable":true,"href":"https:\/\/slovenci.rs\/sl\/wp-json\/wp\/v2\/tags?post=958"}],"curies":[{"name":"wp","href":"https:\/\/api.w.org\/{rel}","templated":true}]}}