{"id":963,"date":"2013-04-24T14:41:47","date_gmt":"2013-04-24T12:41:47","guid":{"rendered":"https:\/\/slovenci.rs\/?p=963"},"modified":"2013-04-24T14:41:47","modified_gmt":"2013-04-24T12:41:47","slug":"uspeh-ucenk-iz-brezic-na-medanarodnem-tekmovanju-glasbenikov-v-pozarevcu","status":"publish","type":"post","link":"https:\/\/slovenci.rs\/sl\/uspeh-ucenk-iz-brezic-na-medanarodnem-tekmovanju-glasbenikov-v-pozarevcu\/","title":{"rendered":"Uspeh u\u010denk iz Bre\u017eic na medanarodnem tekmovanju glasbenikov v Po\u017earevcu"},"content":{"rendered":"<p>Ve\u010d o tem:\u00a0<a href=\"http:\/\/posavje.info\/kultura\/mednarodni-uspeh-ucenk-glasbene-sole-brezice.html\" target=\"_blank\">http:\/\/posavje.info\/<wbr>kultura\/mednarodni-uspeh-<wbr>ucenk-glasbene-sole-brezice.<wbr>html<\/wbr><\/wbr><\/wbr><\/a><\/p>","protected":false},"excerpt":{"rendered":"<p>Ve\u010d o tem:\u00a0http:\/\/posavje.info\/kultura\/mednarodni-uspeh-ucenk-glasbene-sole-brezice.html<\/p>","protected":false},"author":1,"featured_media":0,"comment_status":"closed","ping_status":"closed","sticky":false,"template":"","format":"standard","meta":{"footnotes":""},"categories":[1],"tags":[],"class_list":["post-963","post","type-post","status-publish","format-standard","hentry","category-uncategorized"],"_links":{"self":[{"href":"https:\/\/slovenci.rs\/sl\/wp-json\/wp\/v2\/posts\/963","targetHints":{"allow":["GET"]}}],"collection":[{"href":"https:\/\/slovenci.rs\/sl\/wp-json\/wp\/v2\/posts"}],"about":[{"href":"https:\/\/slovenci.rs\/sl\/wp-json\/wp\/v2\/types\/post"}],"author":[{"embeddable":true,"href":"https:\/\/slovenci.rs\/sl\/wp-json\/wp\/v2\/users\/1"}],"replies":[{"embeddable":true,"href":"https:\/\/slovenci.rs\/sl\/wp-json\/wp\/v2\/comments?post=963"}],"version-history":[{"count":1,"href":"https:\/\/slovenci.rs\/sl\/wp-json\/wp\/v2\/posts\/963\/revisions"}],"predecessor-version":[{"id":964,"href":"https:\/\/slovenci.rs\/sl\/wp-json\/wp\/v2\/posts\/963\/revisions\/964"}],"wp:attachment":[{"href":"https:\/\/slovenci.rs\/sl\/wp-json\/wp\/v2\/media?parent=963"}],"wp:term":[{"taxonomy":"category","embeddable":true,"href":"https:\/\/slovenci.rs\/sl\/wp-json\/wp\/v2\/categories?post=963"},{"taxonomy":"post_tag","embeddable":true,"href":"https:\/\/slovenci.rs\/sl\/wp-json\/wp\/v2\/tags?post=963"}],"curies":[{"name":"wp","href":"https:\/\/api.w.org\/{rel}","templated":true}]}}