{"id":966,"date":"2013-05-08T22:39:51","date_gmt":"2013-05-08T20:39:51","guid":{"rendered":"https:\/\/slovenci.rs\/?p=966"},"modified":"2013-05-08T22:39:51","modified_gmt":"2013-05-08T20:39:51","slug":"beograd-skozi-stoletja-razstava-v-ljubljani","status":"publish","type":"post","link":"https:\/\/slovenci.rs\/sl\/beograd-skozi-stoletja-razstava-v-ljubljani\/","title":{"rendered":"Beograd skozi stoletja &#8211; razstava v Ljubljani"},"content":{"rendered":"<div><strong>V torek, 9. aprila 2013 je ob 19. uri v Zgodovinskem atriju Mestne hi\u0161e potekala otvoritev razstave &#8222;Beograd skozi stoletja&#8220;. Razstava poteka v organizaciji Istorijskega arhiva Beograd, Zgodovinskega arhiva Ljubljana in Mestne ob\u010dine Ljubljana. Z<\/strong>adnji del razstave z naslovom Slovenci v Beogradu skozi ve\u010d stoletij prikazuje nekatere zgodovinske povezave med Slovenci in Srbi.<\/div>\n<div><span style=\"color: #383838; font-family: Helvetica, Arial, sans-serif;\"><br \/>\n<\/span><\/div>\n<div><span style=\"color: #383838; font-family: Helvetica, Arial, sans-serif;\">Ve\u010d o tem:<\/span><\/div>\n<div><span style=\"color: #383838; font-family: Helvetica, Arial, sans-serif;\"><br \/>\n<\/span><\/div>\n<div>\n<p><a href=\"http:\/\/tvslo.si\/predvajaj\/beograd-skozi-stoletja\/ava2.163446738\/\" target=\"_blank\">http:\/\/tvslo.si\/predvajaj\/<wbr>beograd-skozi-stoletja\/ava2.<wbr>163446738\/<\/wbr><\/wbr><\/a><\/p>\n<p><a href=\"http:\/\/www.napovednik.com\/dogodek252824_otvoritev_razstave_beograd_skozi_stoletja\" target=\"_blank\">http:\/\/www.napovednik.com\/<wbr>dogodek252824_otvoritev_<wbr>razstave_beograd_skozi_<wbr>stoletja<\/wbr><\/wbr><\/wbr><\/a><\/p>\n<\/div>","protected":false},"excerpt":{"rendered":"<p>V torek, 9. aprila 2013 je ob 19. uri v Zgodovinskem atriju Mestne hi\u0161e potekala otvoritev razstave &#8222;Beograd skozi stoletja&#8220;. Razstava poteka v organizaciji Istorijskega arhiva Beograd, Zgodovinskega arhiva Ljubljana in Mestne ob\u010dine Ljubljana. Zadnji del razstave z naslovom Slovenci v Beogradu skozi ve\u010d stoletij prikazuje nekatere zgodovinske povezave med Slovenci in Srbi. Ve\u010d o [&hellip;]<\/p>\n","protected":false},"author":1,"featured_media":0,"comment_status":"closed","ping_status":"closed","sticky":false,"template":"","format":"standard","meta":{"footnotes":""},"categories":[1],"tags":[],"class_list":["post-966","post","type-post","status-publish","format-standard","hentry","category-uncategorized"],"_links":{"self":[{"href":"https:\/\/slovenci.rs\/sl\/wp-json\/wp\/v2\/posts\/966","targetHints":{"allow":["GET"]}}],"collection":[{"href":"https:\/\/slovenci.rs\/sl\/wp-json\/wp\/v2\/posts"}],"about":[{"href":"https:\/\/slovenci.rs\/sl\/wp-json\/wp\/v2\/types\/post"}],"author":[{"embeddable":true,"href":"https:\/\/slovenci.rs\/sl\/wp-json\/wp\/v2\/users\/1"}],"replies":[{"embeddable":true,"href":"https:\/\/slovenci.rs\/sl\/wp-json\/wp\/v2\/comments?post=966"}],"version-history":[{"count":1,"href":"https:\/\/slovenci.rs\/sl\/wp-json\/wp\/v2\/posts\/966\/revisions"}],"predecessor-version":[{"id":967,"href":"https:\/\/slovenci.rs\/sl\/wp-json\/wp\/v2\/posts\/966\/revisions\/967"}],"wp:attachment":[{"href":"https:\/\/slovenci.rs\/sl\/wp-json\/wp\/v2\/media?parent=966"}],"wp:term":[{"taxonomy":"category","embeddable":true,"href":"https:\/\/slovenci.rs\/sl\/wp-json\/wp\/v2\/categories?post=966"},{"taxonomy":"post_tag","embeddable":true,"href":"https:\/\/slovenci.rs\/sl\/wp-json\/wp\/v2\/tags?post=966"}],"curies":[{"name":"wp","href":"https:\/\/api.w.org\/{rel}","templated":true}]}}