{"id":969,"date":"2013-05-10T19:47:51","date_gmt":"2013-05-10T17:47:51","guid":{"rendered":"https:\/\/slovenci.rs\/?p=969"},"modified":"2013-05-10T19:47:51","modified_gmt":"2013-05-10T17:47:51","slug":"koncert-strune-milo-se-glasite-v-beogradu","status":"publish","type":"post","link":"https:\/\/slovenci.rs\/sl\/koncert-strune-milo-se-glasite-v-beogradu\/","title":{"rendered":"KONCERT \u201cSTRUNE, MILO SE GLASITE\u201d  V BEOGRADU"},"content":{"rendered":"<div>\u00a0Nacionalni svet slovenske narodne manj\u0161ine se zahvaljuje \u00a0mestu Kragujevac,<\/div>\n<div>Dru\u0161tvu Kragujev\u010danov v Beogradu in Glasbenu centru Kragujevac za uspe\u0161no izveden koncert<\/div>\n<div>zborovske glasbe z naslovom\u00a0<strong>Strune, milo se glasite<\/strong><\/div>\n<div>\u00a0v mesecu aprilu v Domu vojske.<\/div>\n<div><\/div>\n<div>Iskreno se zahvaljujemo in \u010destitamo Anici Sabo, kompozitorki slovenskega porekla, za<\/div>\n<div>pobudo in realizacijo koncerta.<\/div>\n<div><\/div>\n<div>\n\n\t\t<style>\n\t\t\t#gallery-1 {\n\t\t\t\tmargin: auto;\n\t\t\t}\n\t\t\t#gallery-1 .gallery-item {\n\t\t\t\tfloat: left;\n\t\t\t\tmargin-top: 10px;\n\t\t\t\ttext-align: center;\n\t\t\t\twidth: 33%;\n\t\t\t}\n\t\t\t#gallery-1 img {\n\t\t\t\tborder: 2px solid #cfcfcf;\n\t\t\t}\n\t\t\t#gallery-1 .gallery-caption {\n\t\t\t\tmargin-left: 0;\n\t\t\t}\n\t\t\t\/* see gallery_shortcode() in wp-includes\/media.php *\/\n\t\t<\/style>\n\t\t<div id='gallery-1' class='gallery galleryid-969 gallery-columns-3 gallery-size-thumbnail'><dl class='gallery-item'>\n\t\t\t<dt class='gallery-icon landscape'>\n\t\t\t\t<a href='https:\/\/slovenci.rs\/sl\/koncert-strune-milo-se-glasite-v-beogradu\/liceum_04\/#main'><img loading=\"lazy\" decoding=\"async\" width=\"150\" height=\"150\" src=\"https:\/\/slovenci.rs\/wp-content\/uploads\/2013\/05\/liceum_04-150x150.jpg\" class=\"attachment-thumbnail size-thumbnail\" alt=\"\" \/><\/a>\n\t\t\t<\/dt><\/dl><dl class='gallery-item'>\n\t\t\t<dt class='gallery-icon landscape'>\n\t\t\t\t<a href='https:\/\/slovenci.rs\/sl\/koncert-strune-milo-se-glasite-v-beogradu\/liceum_06\/#main'><img loading=\"lazy\" decoding=\"async\" width=\"150\" height=\"150\" src=\"https:\/\/slovenci.rs\/wp-content\/uploads\/2013\/05\/liceum_06-150x150.jpg\" class=\"attachment-thumbnail size-thumbnail\" alt=\"\" \/><\/a>\n\t\t\t<\/dt><\/dl><dl class='gallery-item'>\n\t\t\t<dt class='gallery-icon landscape'>\n\t\t\t\t<a href='https:\/\/slovenci.rs\/sl\/koncert-strune-milo-se-glasite-v-beogradu\/liceum_08\/#main'><img loading=\"lazy\" decoding=\"async\" width=\"150\" height=\"150\" src=\"https:\/\/slovenci.rs\/wp-content\/uploads\/2013\/05\/liceum_08-150x150.jpg\" class=\"attachment-thumbnail size-thumbnail\" alt=\"\" \/><\/a>\n\t\t\t<\/dt><\/dl><br style=\"clear: both\" \/><dl class='gallery-item'>\n\t\t\t<dt class='gallery-icon landscape'>\n\t\t\t\t<a href='https:\/\/slovenci.rs\/sl\/koncert-strune-milo-se-glasite-v-beogradu\/liceum_09\/#main'><img loading=\"lazy\" decoding=\"async\" width=\"150\" height=\"150\" src=\"https:\/\/slovenci.rs\/wp-content\/uploads\/2013\/05\/liceum_09-150x150.jpg\" class=\"attachment-thumbnail size-thumbnail\" alt=\"\" \/><\/a>\n\t\t\t<\/dt><\/dl><dl class='gallery-item'>\n\t\t\t<dt class='gallery-icon landscape'>\n\t\t\t\t<a href='https:\/\/slovenci.rs\/sl\/koncert-strune-milo-se-glasite-v-beogradu\/liceum_10-1\/#main'><img loading=\"lazy\" decoding=\"async\" width=\"150\" height=\"150\" src=\"https:\/\/slovenci.rs\/wp-content\/uploads\/2013\/05\/liceum_10-1-150x150.jpg\" class=\"attachment-thumbnail size-thumbnail\" alt=\"\" \/><\/a>\n\t\t\t<\/dt><\/dl><dl class='gallery-item'>\n\t\t\t<dt class='gallery-icon landscape'>\n\t\t\t\t<a href='https:\/\/slovenci.rs\/sl\/koncert-strune-milo-se-glasite-v-beogradu\/liceum_10\/#main'><img loading=\"lazy\" decoding=\"async\" width=\"150\" height=\"150\" src=\"https:\/\/slovenci.rs\/wp-content\/uploads\/2013\/05\/liceum_10-150x150.jpg\" class=\"attachment-thumbnail size-thumbnail\" alt=\"\" \/><\/a>\n\t\t\t<\/dt><\/dl><br style=\"clear: both\" \/><dl class='gallery-item'>\n\t\t\t<dt class='gallery-icon landscape'>\n\t\t\t\t<a href='https:\/\/slovenci.rs\/sl\/koncert-strune-milo-se-glasite-v-beogradu\/liceum_11\/#main'><img loading=\"lazy\" decoding=\"async\" width=\"150\" height=\"150\" src=\"https:\/\/slovenci.rs\/wp-content\/uploads\/2013\/05\/liceum_11-150x150.jpg\" class=\"attachment-thumbnail size-thumbnail\" alt=\"\" \/><\/a>\n\t\t\t<\/dt><\/dl>\n\t\t\t<br style='clear: both' \/>\n\t\t<\/div>\n\n<\/div>","protected":false},"excerpt":{"rendered":"<p>\u00a0Nacionalni svet slovenske narodne manj\u0161ine se zahvaljuje \u00a0mestu Kragujevac, Dru\u0161tvu Kragujev\u010danov v Beogradu in Glasbenu centru Kragujevac za uspe\u0161no izveden koncert zborovske glasbe z naslovom\u00a0Strune, milo se glasite \u00a0v mesecu aprilu v Domu vojske. Iskreno se zahvaljujemo in \u010destitamo Anici Sabo, kompozitorki slovenskega porekla, za pobudo in realizacijo koncerta.<\/p>","protected":false},"author":1,"featured_media":0,"comment_status":"closed","ping_status":"closed","sticky":false,"template":"","format":"standard","meta":{"footnotes":""},"categories":[1],"tags":[],"class_list":["post-969","post","type-post","status-publish","format-standard","hentry","category-uncategorized"],"_links":{"self":[{"href":"https:\/\/slovenci.rs\/sl\/wp-json\/wp\/v2\/posts\/969","targetHints":{"allow":["GET"]}}],"collection":[{"href":"https:\/\/slovenci.rs\/sl\/wp-json\/wp\/v2\/posts"}],"about":[{"href":"https:\/\/slovenci.rs\/sl\/wp-json\/wp\/v2\/types\/post"}],"author":[{"embeddable":true,"href":"https:\/\/slovenci.rs\/sl\/wp-json\/wp\/v2\/users\/1"}],"replies":[{"embeddable":true,"href":"https:\/\/slovenci.rs\/sl\/wp-json\/wp\/v2\/comments?post=969"}],"version-history":[{"count":2,"href":"https:\/\/slovenci.rs\/sl\/wp-json\/wp\/v2\/posts\/969\/revisions"}],"predecessor-version":[{"id":978,"href":"https:\/\/slovenci.rs\/sl\/wp-json\/wp\/v2\/posts\/969\/revisions\/978"}],"wp:attachment":[{"href":"https:\/\/slovenci.rs\/sl\/wp-json\/wp\/v2\/media?parent=969"}],"wp:term":[{"taxonomy":"category","embeddable":true,"href":"https:\/\/slovenci.rs\/sl\/wp-json\/wp\/v2\/categories?post=969"},{"taxonomy":"post_tag","embeddable":true,"href":"https:\/\/slovenci.rs\/sl\/wp-json\/wp\/v2\/tags?post=969"}],"curies":[{"name":"wp","href":"https:\/\/api.w.org\/{rel}","templated":true}]}}