{"id":979,"date":"2013-05-12T21:48:40","date_gmt":"2013-05-12T19:48:40","guid":{"rendered":"https:\/\/slovenci.rs\/?p=979"},"modified":"2013-05-12T21:48:40","modified_gmt":"2013-05-12T19:48:40","slug":"slovenacki-umetnici-na-17-festivalu-koreografskih-minijatura-u-beogradu","status":"publish","type":"post","link":"https:\/\/slovenci.rs\/sl\/slovenacki-umetnici-na-17-festivalu-koreografskih-minijatura-u-beogradu\/","title":{"rendered":"Slovenacki umetnici na 17 Festivalu koreografskih minijatura u Beogradu"},"content":{"rendered":"<p>Udru\u017eenje baletskih umetnika Srbije, organizator\u00a0 je 17 Festivala koreografskih minijatura, koji se odr\u017eava od 11-14. maja 2013.\u00a0u Beogradu, u<br \/>\nNarodnom pozori\u0161tu i Bitef teatru.<\/p>\n<p>U Narodnom pozori\u0161tu u Beogradu, na sceni \u201eRa\u0161a Plaovi\u0107\u201c, odr\u017eati \u0107e se<br \/>\n<strong>selekcija finalista takmi\u010darskog programa festivala<\/strong>\u00a0.\u00a0Me\u0111u 19 finalista iz Poljske, Italije, Bugarske, Makedonije, Slova\u010dke, Nema\u010dke, Rumunije, Japana, Portugala, Amerike i Srbije u\u010destvuju i baletski igraci iz Slovenije :<\/p>\n<p>SANJA NE\u0160KOVI\u0106 PER\u0160IN \/<strong>\u00a0Slovenija\u00a0<\/strong><br \/>\nNevarnost pozabe\u00a0 ( Danger of forgetting )\u00a0 \u00a0&#8211;\u00a0 8 min<br \/>\nIzvode: Tja\u0161a Kmetec,\u00a0 Lukas Zuschlag<br \/>\nMuzika: Sa\u0161o Kalan<\/p>\n<p>ENYA BELAK, MA\u0160A HAWLINA, JERCA RO\u017dNIK, VERONIKA VALDES\/\u00a0<strong>Slovenija\u00a0<\/strong><br \/>\nThe Daddy Project\u00a0 \u00a0&#8211; 10 min<br \/>\nIzvode: Enya Belak, Ma\u0161a Hawlina, Jerca Ro\u017enik Novak, Veronika Vald\u00e9s<br \/>\nMuzika: The Daddy Project by Miha \u017du\u017eek<\/p>\n<p>Stru\u010dni \u017eiri \u010dine:<\/p>\n<p>Rosana Hribar, koreograf i plesa\u010dica\u00a0<strong>(Slovenija)<\/strong><\/p>\n<p>Luis Gallo Mudarra, koreograf, reditelj i pedagog (Velika Britanija\/\u0160panija)<br \/>\nSta\u0161a Zurovac, koreograf i plesa\u010d (Hrvatska)<br \/>\nMilo\u0161 Sofrenovi\u0107, koreograf, reditelj i pedagog (Srbija)<br \/>\nMilan Rus, prvi solista Baleta Narodnog pozori\u0161ta u Beogradu (Srbija)<\/p>","protected":false},"excerpt":{"rendered":"<p>Udru\u017eenje baletskih umetnika Srbije, organizator\u00a0 je 17 Festivala koreografskih minijatura, koji se odr\u017eava od 11-14. maja 2013.\u00a0u Beogradu, u Narodnom pozori\u0161tu i Bitef teatru. U Narodnom pozori\u0161tu u Beogradu, na sceni \u201eRa\u0161a Plaovi\u0107\u201c, odr\u017eati \u0107e se selekcija finalista takmi\u010darskog programa festivala\u00a0.\u00a0Me\u0111u 19 finalista iz Poljske, Italije, Bugarske, Makedonije, Slova\u010dke, Nema\u010dke, Rumunije, Japana, Portugala, Amerike i [&hellip;]<\/p>\n","protected":false},"author":1,"featured_media":0,"comment_status":"closed","ping_status":"closed","sticky":false,"template":"","format":"standard","meta":{"footnotes":""},"categories":[1],"tags":[],"class_list":["post-979","post","type-post","status-publish","format-standard","hentry","category-uncategorized"],"_links":{"self":[{"href":"https:\/\/slovenci.rs\/sl\/wp-json\/wp\/v2\/posts\/979","targetHints":{"allow":["GET"]}}],"collection":[{"href":"https:\/\/slovenci.rs\/sl\/wp-json\/wp\/v2\/posts"}],"about":[{"href":"https:\/\/slovenci.rs\/sl\/wp-json\/wp\/v2\/types\/post"}],"author":[{"embeddable":true,"href":"https:\/\/slovenci.rs\/sl\/wp-json\/wp\/v2\/users\/1"}],"replies":[{"embeddable":true,"href":"https:\/\/slovenci.rs\/sl\/wp-json\/wp\/v2\/comments?post=979"}],"version-history":[{"count":1,"href":"https:\/\/slovenci.rs\/sl\/wp-json\/wp\/v2\/posts\/979\/revisions"}],"predecessor-version":[{"id":980,"href":"https:\/\/slovenci.rs\/sl\/wp-json\/wp\/v2\/posts\/979\/revisions\/980"}],"wp:attachment":[{"href":"https:\/\/slovenci.rs\/sl\/wp-json\/wp\/v2\/media?parent=979"}],"wp:term":[{"taxonomy":"category","embeddable":true,"href":"https:\/\/slovenci.rs\/sl\/wp-json\/wp\/v2\/categories?post=979"},{"taxonomy":"post_tag","embeddable":true,"href":"https:\/\/slovenci.rs\/sl\/wp-json\/wp\/v2\/tags?post=979"}],"curies":[{"name":"wp","href":"https:\/\/api.w.org\/{rel}","templated":true}]}}